{"id":977,"date":"2017-05-30T09:43:57","date_gmt":"2017-05-30T07:43:57","guid":{"rendered":"http:\/\/cpsanjorge.educacion.navarra.es\/web\/?p=977"},"modified":"2017-05-30T09:43:57","modified_gmt":"2017-05-30T07:43:57","slug":"campana-de-natacion-escolar","status":"publish","type":"post","link":"https:\/\/cpsanjorge.educacion.navarra.es\/web\/blog\/2017\/05\/30\/campana-de-natacion-escolar\/","title":{"rendered":"Campa\u00f1a de Nataci\u00f3n Escolar"},"content":{"rendered":"<p>A lo largo del curso (de octubre a mayo) el alumnado de 3\u00ba de Educaci\u00f3n Primaria ha participado en la Campa\u00f1a\u00a0 de Nataci\u00f3n Escolar.<\/p>\n<p>La campa\u00f1a ha sido un \u00e9xito, ya que el alumnado ha disfrutado todo el curso de la piscina, inici\u00e1ndose y\/o mejorando sus habilidades en la nataci\u00f3n.<\/p>\n<p>Pod\u00e9is encontrar una muestra de fotos de lo bien que lo han pasado en el enlace que hay en la p\u00e1gina <a href=\"http:\/\/cpsanjorge.educacion.navarra.es\/web\/imagenes\/\"><strong>Galer\u00eda de Im\u00e1genes \u2013 Im\u00e1genes (Enlace a la p\u00e1gina).<\/strong><\/a><\/p>\n","protected":false},"excerpt":{"rendered":"<p>A lo largo del curso (de octubre a mayo) el alumnado de 3\u00ba de Educaci\u00f3n Primaria ha participado en la Campa\u00f1a\u00a0 de Nataci\u00f3n Escolar. La campa\u00f1a ha sido un \u00e9xito, ya que el alumnado ha disfrutado todo el curso de la piscina, inici\u00e1ndose y\/o mejorando sus habilidades en la nataci\u00f3n. Pod\u00e9is encontrar una muestra de &hellip; <\/p>\n<p class=\"link-more\"><a href=\"https:\/\/cpsanjorge.educacion.navarra.es\/web\/blog\/2017\/05\/30\/campana-de-natacion-escolar\/\" class=\"more-link\">Continuar leyendo<span class=\"screen-reader-text\"> \u00abCampa\u00f1a de Nataci\u00f3n Escolar\u00bb<\/span><\/a><\/p>\n","protected":false},"author":1,"featured_media":0,"comment_status":"open","ping_status":"open","sticky":false,"template":"","format":"standard","meta":[],"categories":[1],"tags":[],"_links":{"self":[{"href":"https:\/\/cpsanjorge.educacion.navarra.es\/web\/wp-json\/wp\/v2\/posts\/977"}],"collection":[{"href":"https:\/\/cpsanjorge.educacion.navarra.es\/web\/wp-json\/wp\/v2\/posts"}],"about":[{"href":"https:\/\/cpsanjorge.educacion.navarra.es\/web\/wp-json\/wp\/v2\/types\/post"}],"author":[{"embeddable":true,"href":"https:\/\/cpsanjorge.educacion.navarra.es\/web\/wp-json\/wp\/v2\/users\/1"}],"replies":[{"embeddable":true,"href":"https:\/\/cpsanjorge.educacion.navarra.es\/web\/wp-json\/wp\/v2\/comments?post=977"}],"version-history":[{"count":1,"href":"https:\/\/cpsanjorge.educacion.navarra.es\/web\/wp-json\/wp\/v2\/posts\/977\/revisions"}],"predecessor-version":[{"id":978,"href":"https:\/\/cpsanjorge.educacion.navarra.es\/web\/wp-json\/wp\/v2\/posts\/977\/revisions\/978"}],"wp:attachment":[{"href":"https:\/\/cpsanjorge.educacion.navarra.es\/web\/wp-json\/wp\/v2\/media?parent=977"}],"wp:term":[{"taxonomy":"category","embeddable":true,"href":"https:\/\/cpsanjorge.educacion.navarra.es\/web\/wp-json\/wp\/v2\/categories?post=977"},{"taxonomy":"post_tag","embeddable":true,"href":"https:\/\/cpsanjorge.educacion.navarra.es\/web\/wp-json\/wp\/v2\/tags?post=977"}],"curies":[{"name":"wp","href":"https:\/\/api.w.org\/{rel}","templated":true}]}}