{"id":732,"date":"2016-09-02T12:20:20","date_gmt":"2016-09-02T10:20:20","guid":{"rendered":"http:\/\/cpsanjorge.educacion.navarra.es\/web\/?p=732"},"modified":"2016-09-30T12:50:49","modified_gmt":"2016-09-30T10:50:49","slug":"bienvenidos-al-curso-escolar-2016-2017","status":"publish","type":"post","link":"https:\/\/cpsanjorge.educacion.navarra.es\/web\/blog\/2016\/09\/02\/bienvenidos-al-curso-escolar-2016-2017\/","title":{"rendered":"Bienvenidos al Curso Escolar 2016\/2017"},"content":{"rendered":"<p>Ya estamos aqu\u00ed para iniciar un nuevo curso, con nuevas y renovadas ilusiones y con muchas metas por conseguir. Ya hemos actualizado los datos para el presente curso, calendario escolar, materiales, informaciones&#8230; Os recordamos la siguiente informaci\u00f3n de inter\u00e9s:<\/p>\n<p>El d\u00eda 7 de septiembre, el alumnado del Colegio se incorporar\u00e1 para iniciar el curso escolar.<\/p>\n<p>Los alumnos\/as de primero de Educaci\u00f3n Infantil, comenzar\u00e1n el 12 de septiembre lunes.<\/p>\n<p>Las dos clases de primero de infantil se incorporar\u00e1n de la siguiente manera:<\/p>\n<p><strong><u>Semanas del per\u00edodo de adaptaci\u00f3n:<\/u><\/strong><!--more--><\/p>\n<p><strong><u>PRIMERA SEMANA<\/u><\/strong>: del 12 al 16 de septiembre.<\/p>\n<p><strong>La primera mitad de la lista:<\/strong> Grupo A-B de 9 h 30 m a las 11 h.<\/p>\n<p><strong>La segunda mitad de la lista: <\/strong>Grupo A-B de 11 h 30 m a 13 h<\/p>\n<p>( las listas se colocar\u00e1n en el hall del colegio a lo largo de la ma\u00f1ana del d\u00eda 5 de septiembre).<\/p>\n<p><strong><u>SEGUNDA SEMANA<\/u><\/strong>: de 19 al 23 de septiembre<\/p>\n<p>LOS DOS GRUPOS A-B DE 9 H 30 M A 12 H.<\/p>\n<p>A partir del lunes 26 de septiembre el horario escolar para los ni\u00f1os\/as de 1\u00ba de E. Infantil, ser\u00e1 el mismo que el del resto del Colegio:<\/p>\n<p><strong>En septiembre y Junio:\u00a0 <\/strong><\/p>\n<p>De 9 h a 13 h<\/p>\n<p><strong>De octubre a mayo<\/strong>:<\/p>\n<p>De Lunes a Viernes de 9 h a 12 h 50 m y las tardes de 15 h a 16 h 40 m<\/p>\n<p>Los mi\u00e9rcoles de 9 h a 13 h<\/p>\n<p><strong>\u201cEducaci\u00f3n transforma personas. Personas transforman el mundo\u00bb. P.F<\/strong><\/p>\n","protected":false},"excerpt":{"rendered":"<p>Ya estamos aqu\u00ed para iniciar un nuevo curso, con nuevas y renovadas ilusiones y con muchas metas por conseguir. Ya hemos actualizado los datos para el presente curso, calendario escolar, materiales, informaciones&#8230; Os recordamos la siguiente informaci\u00f3n de inter\u00e9s: El d\u00eda 7 de septiembre, el alumnado del Colegio se incorporar\u00e1 para iniciar el curso escolar. &hellip; <\/p>\n<p class=\"link-more\"><a href=\"https:\/\/cpsanjorge.educacion.navarra.es\/web\/blog\/2016\/09\/02\/bienvenidos-al-curso-escolar-2016-2017\/\" class=\"more-link\">Continuar leyendo<span class=\"screen-reader-text\"> \u00abBienvenidos al Curso Escolar 2016\/2017\u00bb<\/span><\/a><\/p>\n","protected":false},"author":1,"featured_media":0,"comment_status":"open","ping_status":"open","sticky":false,"template":"","format":"standard","meta":[],"categories":[1],"tags":[],"_links":{"self":[{"href":"https:\/\/cpsanjorge.educacion.navarra.es\/web\/wp-json\/wp\/v2\/posts\/732"}],"collection":[{"href":"https:\/\/cpsanjorge.educacion.navarra.es\/web\/wp-json\/wp\/v2\/posts"}],"about":[{"href":"https:\/\/cpsanjorge.educacion.navarra.es\/web\/wp-json\/wp\/v2\/types\/post"}],"author":[{"embeddable":true,"href":"https:\/\/cpsanjorge.educacion.navarra.es\/web\/wp-json\/wp\/v2\/users\/1"}],"replies":[{"embeddable":true,"href":"https:\/\/cpsanjorge.educacion.navarra.es\/web\/wp-json\/wp\/v2\/comments?post=732"}],"version-history":[{"count":7,"href":"https:\/\/cpsanjorge.educacion.navarra.es\/web\/wp-json\/wp\/v2\/posts\/732\/revisions"}],"predecessor-version":[{"id":770,"href":"https:\/\/cpsanjorge.educacion.navarra.es\/web\/wp-json\/wp\/v2\/posts\/732\/revisions\/770"}],"wp:attachment":[{"href":"https:\/\/cpsanjorge.educacion.navarra.es\/web\/wp-json\/wp\/v2\/media?parent=732"}],"wp:term":[{"taxonomy":"category","embeddable":true,"href":"https:\/\/cpsanjorge.educacion.navarra.es\/web\/wp-json\/wp\/v2\/categories?post=732"},{"taxonomy":"post_tag","embeddable":true,"href":"https:\/\/cpsanjorge.educacion.navarra.es\/web\/wp-json\/wp\/v2\/tags?post=732"}],"curies":[{"name":"wp","href":"https:\/\/api.w.org\/{rel}","templated":true}]}}