{"id":665,"date":"2016-06-17T13:51:13","date_gmt":"2016-06-17T11:51:13","guid":{"rendered":"http:\/\/cpsanjorge.educacion.navarra.es\/web\/?p=665"},"modified":"2016-06-17T13:52:08","modified_gmt":"2016-06-17T11:52:08","slug":"graduaciones-del-colegio","status":"publish","type":"post","link":"https:\/\/cpsanjorge.educacion.navarra.es\/web\/blog\/2016\/06\/17\/graduaciones-del-colegio\/","title":{"rendered":"Graduaciones del Colegio"},"content":{"rendered":"<p style=\"text-align: justify;\">A lo largo de la semana hemos celebrado en el colegio las Fiestas de Graduaci\u00f3n del alumnado que finalizan las etapas de Educaci\u00f3n Infantil y Educaci\u00f3n Primaria este curso escolar.<\/p>\n<p style=\"text-align: justify;\">El martes 14 se realiz\u00f3 la Graduaci\u00f3n del alumnado que termina la etapa de Educaci\u00f3n Infantil.<\/p>\n<p style=\"text-align: justify;\">El jueves 16 se realiz\u00f3 la Graduaci\u00f3n del alumnado que termina la etapa de Educaci\u00f3n Primaria.<\/p>\n<p style=\"text-align: justify;\">Pod\u00e9is encotrar fotos de las graducaiones en el enlace que hay en la p\u00e1gina <a href=\"http:\/\/cpsanjorge.educacion.navarra.es\/web\/imagenes\/\"><strong>Galer\u00eda de Im\u00e1genes &#8211; Im\u00e1genes (Enlace a la p\u00e1gina).<\/strong><\/a><\/p>\n","protected":false},"excerpt":{"rendered":"<p>A lo largo de la semana hemos celebrado en el colegio las Fiestas de Graduaci\u00f3n del alumnado que finalizan las etapas de Educaci\u00f3n Infantil y Educaci\u00f3n Primaria este curso escolar. El martes 14 se realiz\u00f3 la Graduaci\u00f3n del alumnado que termina la etapa de Educaci\u00f3n Infantil. El jueves 16 se realiz\u00f3 la Graduaci\u00f3n del alumnado &hellip; <\/p>\n<p class=\"link-more\"><a href=\"https:\/\/cpsanjorge.educacion.navarra.es\/web\/blog\/2016\/06\/17\/graduaciones-del-colegio\/\" class=\"more-link\">Continuar leyendo<span class=\"screen-reader-text\"> \u00abGraduaciones del Colegio\u00bb<\/span><\/a><\/p>\n","protected":false},"author":1,"featured_media":0,"comment_status":"open","ping_status":"open","sticky":false,"template":"","format":"standard","meta":[],"categories":[1],"tags":[],"_links":{"self":[{"href":"https:\/\/cpsanjorge.educacion.navarra.es\/web\/wp-json\/wp\/v2\/posts\/665"}],"collection":[{"href":"https:\/\/cpsanjorge.educacion.navarra.es\/web\/wp-json\/wp\/v2\/posts"}],"about":[{"href":"https:\/\/cpsanjorge.educacion.navarra.es\/web\/wp-json\/wp\/v2\/types\/post"}],"author":[{"embeddable":true,"href":"https:\/\/cpsanjorge.educacion.navarra.es\/web\/wp-json\/wp\/v2\/users\/1"}],"replies":[{"embeddable":true,"href":"https:\/\/cpsanjorge.educacion.navarra.es\/web\/wp-json\/wp\/v2\/comments?post=665"}],"version-history":[{"count":3,"href":"https:\/\/cpsanjorge.educacion.navarra.es\/web\/wp-json\/wp\/v2\/posts\/665\/revisions"}],"predecessor-version":[{"id":668,"href":"https:\/\/cpsanjorge.educacion.navarra.es\/web\/wp-json\/wp\/v2\/posts\/665\/revisions\/668"}],"wp:attachment":[{"href":"https:\/\/cpsanjorge.educacion.navarra.es\/web\/wp-json\/wp\/v2\/media?parent=665"}],"wp:term":[{"taxonomy":"category","embeddable":true,"href":"https:\/\/cpsanjorge.educacion.navarra.es\/web\/wp-json\/wp\/v2\/categories?post=665"},{"taxonomy":"post_tag","embeddable":true,"href":"https:\/\/cpsanjorge.educacion.navarra.es\/web\/wp-json\/wp\/v2\/tags?post=665"}],"curies":[{"name":"wp","href":"https:\/\/api.w.org\/{rel}","templated":true}]}}