{"id":4327,"date":"2025-03-19T11:42:52","date_gmt":"2025-03-19T10:42:52","guid":{"rendered":"https:\/\/cpsanjorge.educacion.navarra.es\/web\/?p=4327"},"modified":"2025-03-26T15:22:25","modified_gmt":"2025-03-26T14:22:25","slug":"quiero-jugar-mas-con-zeyneb","status":"publish","type":"post","link":"https:\/\/cpsanjorge.educacion.navarra.es\/web\/blog\/2025\/03\/19\/quiero-jugar-mas-con-zeyneb\/","title":{"rendered":"\u00abQuiero jugar m\u00e1s con Zeyneb\u00bb"},"content":{"rendered":"\n<p style=\"text-align: justify;\"><span style=\"font-weight: 400;\"><em>\u201cQuiero jugar m\u00e1s con Zeyneb\u201d<\/em>, nos dec\u00eda una ni\u00f1a del primer ciclo el pasado 21 de febrero cuando el cole en pleno bajamos al patio, que se llen\u00f3 de color y alegr\u00eda, para apoyar a Zeyneb y su familia, y a todas las personas que padecen el s\u00edndrome de Rett. Como visitante de nuestra p\u00e1gina te invitamos a que <\/span><span style=\"font-weight: 400;\">veas este v\u00eddeo hasta el final para que pongas cara a la gran protagonista del evento, y tambi\u00e9n para que pongas coraz\u00f3n y manos, muchas manos, que contribuyan a que las investigaciones de todas las enfermedades raras haga moverse al mundo financiero y encuentren apoyo econ\u00f3mico suficiente.\u00a0<\/span><\/p>\n<p><img loading=\"lazy\" class=\"aligncenter wp-image-4346 size-large\" src=\"https:\/\/cpsanjorge.educacion.navarra.es\/web\/wp-content\/uploads\/2025\/03\/cartel-1024x768.jpg\" alt=\"\" width=\"584\" height=\"438\" srcset=\"https:\/\/cpsanjorge.educacion.navarra.es\/web\/wp-content\/uploads\/2025\/03\/cartel-1024x768.jpg 1024w, https:\/\/cpsanjorge.educacion.navarra.es\/web\/wp-content\/uploads\/2025\/03\/cartel-300x225.jpg 300w, https:\/\/cpsanjorge.educacion.navarra.es\/web\/wp-content\/uploads\/2025\/03\/cartel-768x576.jpg 768w, https:\/\/cpsanjorge.educacion.navarra.es\/web\/wp-content\/uploads\/2025\/03\/cartel-400x300.jpg 400w, https:\/\/cpsanjorge.educacion.navarra.es\/web\/wp-content\/uploads\/2025\/03\/cartel.jpg 1400w\" sizes=\"(max-width: 584px) 100vw, 584px\" \/><\/p>\n<p style=\"text-align: justify;\"><em><span style=\"font-weight: 400;\">La versi\u00f3n digital del <\/span><a href=\"https:\/\/www.noticiasdenavarra.com\/videos\/general\/navarra\/2025\/03\/15\/cpeip-san-jorge-zeyneb-familia-9400966.html\"><span style=\"font-weight: 400;\">DIARIO DE NOTICIAS<\/span><\/a><span style=\"font-weight: 400;\"> se hizo eco del evento y enlaz\u00f3 nuestro v\u00eddeo que ya han visto miles de personas. Si dese\u00e1is verlo pinchad directamente en el siguiente <a href=\"https:\/\/www.youtube.com\/watch?v=s8P-kOq-SSI\">ENLACE<\/a>.<\/span><\/em><\/p>\n<p style=\"text-align: justify;\"><span style=\"font-weight: 400;\">Como colegio no tenemos hilo directo con autoridades locales, auton\u00f3micas, nacionales o internacionales que intervengan en la toma de decisiones para que esta enfermedad y tant\u00edsimas otras, raras o menos raras, pal\u00eden sus efectos, devastadores en ocasiones, o den con la tecla de la curaci\u00f3n. Como centro escolar solo podemos hacer una cosa: construir un horizonte de solidaridad para alimentar el deseo de jugar m\u00e1s con Zeyneb, de conocer qu\u00e9 necesita, de sentir qu\u00e9 siente, de acompa\u00f1arla para que aprenda todo lo que pueda. Porque estando cerca las personas nos sanamos y lo mejor de todo es que cuando\u00a0 sanamos nunca queda claro qui\u00e9n sana a qui\u00e9n. Esto explica que <\/span><b>nuestro proyecto educativo gire en torno al di\u00e1logo sincero e igualitario, que crezca con el sentido que le otorgan la verdad, la bondad y la belleza aunadas<\/b><span style=\"font-weight: 400;\">. El mismo sentido que desautoriza a todas esas iniciativas que ven crecer sus fondos solo porque hacen ganar mucho dinero a quienes ya lo tienen.\u00a0<\/span><\/p>\n<p><img loading=\"lazy\" class=\"wp-image-4331 size-large\" src=\"https:\/\/cpsanjorge.educacion.navarra.es\/web\/wp-content\/uploads\/2025\/03\/gimnasio-Rett-1024x768.jpg\" alt=\"\" width=\"584\" height=\"438\" srcset=\"https:\/\/cpsanjorge.educacion.navarra.es\/web\/wp-content\/uploads\/2025\/03\/gimnasio-Rett-1024x768.jpg 1024w, https:\/\/cpsanjorge.educacion.navarra.es\/web\/wp-content\/uploads\/2025\/03\/gimnasio-Rett-300x225.jpg 300w, https:\/\/cpsanjorge.educacion.navarra.es\/web\/wp-content\/uploads\/2025\/03\/gimnasio-Rett-768x576.jpg 768w, https:\/\/cpsanjorge.educacion.navarra.es\/web\/wp-content\/uploads\/2025\/03\/gimnasio-Rett-400x300.jpg 400w, https:\/\/cpsanjorge.educacion.navarra.es\/web\/wp-content\/uploads\/2025\/03\/gimnasio-Rett.jpg 1500w\" sizes=\"(max-width: 584px) 100vw, 584px\" \/><\/p>\n<p style=\"text-align: justify;\"><span style=\"font-weight: 400;\">En este cole nuestro queremos que nuestros chicos y chicas desarrollen su habilidad para preguntar y preguntarse, para resolver problemas, para leer muy bien, para escribir de maravilla. <\/span><span style=\"font-weight: 400;\">Esto, sin embargo, no nos convierte en simples buscadores de lo \u00fatil porque <\/span><b>lo \u00fatil no es aquello que nos beneficia poni\u00e9ndonos en ventaja frente a los dem\u00e1s sino que es aquello que nos coloca a la distancia de un abrazo<\/b><span style=\"font-weight: 400;\">. Esa misma distancia es la que nos hace aprender de los dem\u00e1s c\u00f3mo<\/span> <span style=\"font-weight: 400;\">aguzar el ingenio con que descubrir c\u00f3mo y por qu\u00e9 funcionan las cosas o por qu\u00e9 dejan de hacerlo, c\u00f3mo hacer para ser sensibles y sonre\u00edr con la mirada, c\u00f3mo para ser disfrutones y celebrar las sorpresas.<\/span><\/p>\n<p style=\"text-align: justify;\"><span style=\"font-weight: 400;\">Pasado el 21 de febrero y llegados al viernes 14, en el gimnasio del centro, seguimos aprendiendo mucho: mostramos el v\u00eddeo grabado en el patio para que el alumnado de todos los cursos se viera y recordara c\u00f3mo bailamos y cantamos juntos al ritmo de la canci\u00f3n <\/span><i><span style=\"font-weight: 400;\">Cada gesto nos acerca<\/span><\/i><span style=\"font-weight: 400;\">, de Enrique Villarreal; en definitiva, c\u00f3mo compartimos un tiempo precioso al lado de Zeyneb y su familia, una experiencia que nos impacta, que contagia, que nos despierta, que alerta, que nos incendia un poco por dentro\u2026 <\/span><b>Vernos en la pantalla fortalece nuestro v\u00ednculo y nos interpela de mil formas, a cada qui\u00e9n de una manera, a toda la comunidad como nos dicte nuestra capacidad para ponernos de acuerdo.<\/b><\/p>\n<p><img loading=\"lazy\" class=\"wp-image-4330 size-large\" src=\"https:\/\/cpsanjorge.educacion.navarra.es\/web\/wp-content\/uploads\/2025\/03\/solo-nin\u0303os-1024x768.jpg\" alt=\"\" width=\"584\" height=\"438\" srcset=\"https:\/\/cpsanjorge.educacion.navarra.es\/web\/wp-content\/uploads\/2025\/03\/solo-nin\u0303os-1024x768.jpg 1024w, https:\/\/cpsanjorge.educacion.navarra.es\/web\/wp-content\/uploads\/2025\/03\/solo-nin\u0303os-300x225.jpg 300w, https:\/\/cpsanjorge.educacion.navarra.es\/web\/wp-content\/uploads\/2025\/03\/solo-nin\u0303os-768x576.jpg 768w, https:\/\/cpsanjorge.educacion.navarra.es\/web\/wp-content\/uploads\/2025\/03\/solo-nin\u0303os-400x300.jpg 400w, https:\/\/cpsanjorge.educacion.navarra.es\/web\/wp-content\/uploads\/2025\/03\/solo-nin\u0303os.jpg 1500w\" sizes=\"(max-width: 584px) 100vw, 584px\" \/><\/p>\n<p><em>El v\u00eddeo lo visualizamos dos veces. Las miradas atentas de la gente menuda hay que cuidarlas. Dar lo mejor exige cuidar el sentido de lo que les mostramos.<\/em><\/p>\n<p style=\"text-align: justify;\"><span style=\"font-weight: 400;\">Vamos cerrando la entrada al blog mencionando de nuevo la frase que lleva por t\u00edtulo &#8212;<\/span><i><span style=\"font-weight: 400;\">\u201cQuiero jugar m\u00e1s con Zeyneb\u201d&#8211;<\/span><\/i><span style=\"font-weight: 400;\"> y que resume perfectamente lo que muchos alumnos y alumnas ya dec\u00edan con otras palabras e innumerables gestos. Son las dem\u00e1s personas las que nos educan, unas veces poniendo un <\/span><i><span style=\"font-weight: 400;\">\u201cpero\u201d<\/span><\/i><span style=\"font-weight: 400;\"> a lo que decimos, otras poniendo un <\/span><i><span style=\"font-weight: 400;\">\u201cde acuerdo\u201d,<\/span><\/i><span style=\"font-weight: 400;\"> pero cu\u00e1ntas m\u00e1s poni\u00e9ndose a nuestro lado para hacer algo, aunque sea el silencio el puente que nos una.<\/span><b> El silencio de algunas personas nos ense\u00f1a que muchas veces no decir nada es decirlo todo. <\/b><span style=\"font-weight: 400;\">Y esto tambi\u00e9n lo pueden y lo deben aprender los m\u00e1s peque\u00f1os. Familias: esta ense\u00f1anza es una competencia indispensable aunque no est\u00e9 listada en ninguna agenda ni sea calificada de <\/span><i><span style=\"font-weight: 400;\">sostenible<\/span><\/i><span style=\"font-weight: 400;\"> por ninguna instituci\u00f3n acreditada. De cualquier manera, ese car\u00e1cter indispensable la convierte en responsabilidad de la sociedad entera y, por ello, de cada persona. Que nos hagamos conscientes de esta realidad transformadora como ninguna otra es el deseo de la comunidad educativa del CPEIP San Jorge.<\/span><\/p>\n<p style=\"text-align: center;\"><span style=\"font-weight: 400;\">\u00a1\u00a1\u00a1Y que brille el coraz\u00f3n de San Jorge!!!<\/span><\/p>\n","protected":false},"excerpt":{"rendered":"<p>\u201cQuiero jugar m\u00e1s con Zeyneb\u201d, nos dec\u00eda una ni\u00f1a del primer ciclo el pasado 21 de febrero cuando el cole en pleno bajamos al patio, que se llen\u00f3 de color y alegr\u00eda, para apoyar a Zeyneb y su familia, y a todas las personas que padecen el s\u00edndrome de Rett. Como visitante de nuestra p\u00e1gina &hellip; <\/p>\n<p class=\"link-more\"><a href=\"https:\/\/cpsanjorge.educacion.navarra.es\/web\/blog\/2025\/03\/19\/quiero-jugar-mas-con-zeyneb\/\" class=\"more-link\">Continuar leyendo<span class=\"screen-reader-text\"> \u00ab\u00abQuiero jugar m\u00e1s con Zeyneb\u00bb\u00bb<\/span><\/a><\/p>\n","protected":false},"author":1,"featured_media":0,"comment_status":"open","ping_status":"open","sticky":false,"template":"","format":"standard","meta":[],"categories":[1],"tags":[],"_links":{"self":[{"href":"https:\/\/cpsanjorge.educacion.navarra.es\/web\/wp-json\/wp\/v2\/posts\/4327"}],"collection":[{"href":"https:\/\/cpsanjorge.educacion.navarra.es\/web\/wp-json\/wp\/v2\/posts"}],"about":[{"href":"https:\/\/cpsanjorge.educacion.navarra.es\/web\/wp-json\/wp\/v2\/types\/post"}],"author":[{"embeddable":true,"href":"https:\/\/cpsanjorge.educacion.navarra.es\/web\/wp-json\/wp\/v2\/users\/1"}],"replies":[{"embeddable":true,"href":"https:\/\/cpsanjorge.educacion.navarra.es\/web\/wp-json\/wp\/v2\/comments?post=4327"}],"version-history":[{"count":14,"href":"https:\/\/cpsanjorge.educacion.navarra.es\/web\/wp-json\/wp\/v2\/posts\/4327\/revisions"}],"predecessor-version":[{"id":4348,"href":"https:\/\/cpsanjorge.educacion.navarra.es\/web\/wp-json\/wp\/v2\/posts\/4327\/revisions\/4348"}],"wp:attachment":[{"href":"https:\/\/cpsanjorge.educacion.navarra.es\/web\/wp-json\/wp\/v2\/media?parent=4327"}],"wp:term":[{"taxonomy":"category","embeddable":true,"href":"https:\/\/cpsanjorge.educacion.navarra.es\/web\/wp-json\/wp\/v2\/categories?post=4327"},{"taxonomy":"post_tag","embeddable":true,"href":"https:\/\/cpsanjorge.educacion.navarra.es\/web\/wp-json\/wp\/v2\/tags?post=4327"}],"curies":[{"name":"wp","href":"https:\/\/api.w.org\/{rel}","templated":true}]}}