{"id":2306,"date":"2021-07-01T10:12:36","date_gmt":"2021-07-01T08:12:36","guid":{"rendered":"https:\/\/cpsanjorge.educacion.navarra.es\/web\/?p=2306"},"modified":"2021-07-01T10:12:37","modified_gmt":"2021-07-01T08:12:37","slug":"felices-vacaciones-de-verano","status":"publish","type":"post","link":"https:\/\/cpsanjorge.educacion.navarra.es\/web\/blog\/2021\/07\/01\/felices-vacaciones-de-verano\/","title":{"rendered":"\u00a1\u00a1\u00a1Felices vacaciones de verano!!!"},"content":{"rendered":"\n<p style=\"text-align: justify;\">El martes 22, chicos y chicas del cole, comenzasteis una muy ganadas vacaciones de verano. El lunes 21, fue el alumnado de tercero de Infantil, el que casi cerraba el curso con su graduaci\u00f3n, la que les llevar\u00e1 el curso pr\u00f3ximo a comenzar la Primaria.\u00a0<\/p>\n<p style=\"text-align: justify;\">Es cosa importante seguir creciendo, dar pasos para hacerse mayor. Hace no tanto, actos como este que celebramos en el cole no ten\u00edan lugar en nuestras escuelas. Hoy s\u00ed. Es una bonita manera de reconocer ante toda la comunidad escolar que hemos crecido un poco, que hemos adquirido experiencia, que comprendemos mejor el mundo pero que tambi\u00e9n seguimos necesitando salir a otros barrios, conocer otros lugares, hablar con nuestros mayores, escuchar con atenci\u00f3n&#8230;<\/p>\n<figure id=\"attachment_2312\" aria-describedby=\"caption-attachment-2312\" style=\"width: 1024px\" class=\"wp-caption aligncenter\"><img loading=\"lazy\" class=\"wp-image-2312 size-large\" src=\"https:\/\/cpsanjorge.educacion.navarra.es\/web\/wp-content\/uploads\/2021\/06\/20210621_134821-1024x768.jpg\" alt=\"\" width=\"1024\" height=\"768\" srcset=\"https:\/\/cpsanjorge.educacion.navarra.es\/web\/wp-content\/uploads\/2021\/06\/20210621_134821-1024x768.jpg 1024w, https:\/\/cpsanjorge.educacion.navarra.es\/web\/wp-content\/uploads\/2021\/06\/20210621_134821-300x225.jpg 300w, https:\/\/cpsanjorge.educacion.navarra.es\/web\/wp-content\/uploads\/2021\/06\/20210621_134821-768x576.jpg 768w, https:\/\/cpsanjorge.educacion.navarra.es\/web\/wp-content\/uploads\/2021\/06\/20210621_134821-1536x1152.jpg 1536w, https:\/\/cpsanjorge.educacion.navarra.es\/web\/wp-content\/uploads\/2021\/06\/20210621_134821-2048x1536.jpg 2048w\" sizes=\"(max-width: 767px) 89vw, (max-width: 1000px) 54vw, (max-width: 1071px) 543px, 580px\" \/><figcaption id=\"caption-attachment-2312\" class=\"wp-caption-text\"><em>A los chicos y chicas se les explic\u00f3 muy bien en qu\u00e9 consist\u00eda la graduaci\u00f3n. No obstante, por ser la primera, seguro desconcert\u00f3 a m\u00e1s de una, a m\u00e1s de uno&#8230; Llevarse a casa a los compas de la clase fotografiados fue, sin duda, un gran regalo.<\/em><\/figcaption><\/figure>\n<p style=\"text-align: justify;\">Familias: invitaros a que compart\u00e1is la escuela de vuestros hijos e hijas con sus maestras, maestros y con otros familiares en eventos como este, es una oportunidad para conocernos mejor. Cada cosa que hacemos en el cole, cada fiesta, cada ejercicio, cada excursi\u00f3n, cada propuesta educativa lleva un mensaje impl\u00edcito: un ni\u00f1o, una ni\u00f1a es una novedad en el mundo y puede ayudar a transformarlo para que se convierta en un mundo mejor. Esa es nuestra convicci\u00f3n como docentes. \u00a1Sigamos ense\u00f1\u00e1ndoles y acompa\u00f1\u00e1ndoles en todo momento, familias, en todo momento! Sentid que las maestras y los maestros estamos ah\u00ed por vuestros hijos e hijas, que os seguiremos acompa\u00f1ando tambi\u00e9n a vosotras cuando lo necesit\u00e9is.<\/p>\n<figure id=\"attachment_2313\" aria-describedby=\"caption-attachment-2313\" style=\"width: 1024px\" class=\"wp-caption aligncenter\"><img loading=\"lazy\" class=\"size-large wp-image-2313\" src=\"https:\/\/cpsanjorge.educacion.navarra.es\/web\/wp-content\/uploads\/2021\/06\/20210621_132936-1024x768.jpg\" alt=\"\" width=\"1024\" height=\"768\" srcset=\"https:\/\/cpsanjorge.educacion.navarra.es\/web\/wp-content\/uploads\/2021\/06\/20210621_132936-1024x768.jpg 1024w, https:\/\/cpsanjorge.educacion.navarra.es\/web\/wp-content\/uploads\/2021\/06\/20210621_132936-300x225.jpg 300w, https:\/\/cpsanjorge.educacion.navarra.es\/web\/wp-content\/uploads\/2021\/06\/20210621_132936-768x576.jpg 768w, https:\/\/cpsanjorge.educacion.navarra.es\/web\/wp-content\/uploads\/2021\/06\/20210621_132936-1536x1152.jpg 1536w, https:\/\/cpsanjorge.educacion.navarra.es\/web\/wp-content\/uploads\/2021\/06\/20210621_132936-2048x1536.jpg 2048w\" sizes=\"(max-width: 767px) 89vw, (max-width: 1000px) 54vw, (max-width: 1071px) 543px, 580px\" \/><figcaption id=\"caption-attachment-2313\" class=\"wp-caption-text\">Los chicos y chicas mayores actuaron ante el alumnado de tercero de Infantil, que estuvieron m\u00e1s que inm\u00f3viles observando y escuchando sin perder detalle.<\/figcaption><\/figure>\n<p style=\"text-align: justify;\">Despu\u00e9s de un a\u00f1o complicado, con alg\u00fan que otro confinamiento, hemos dado carpetazo a este curso 2020\/21. Ese martes vivimos con mucha intensidad la ceremonia de graduaci\u00f3n de nuestros chicos y chicas de sexto. Su destino&#8230; \u00a1el insti! Pero antes, un largo y emocionante verano, eso seguro. Aqu\u00ed os dejamos dos discursos: el del alumnado y el de las tutoras que, como todo el colegio, pasaron una ma\u00f1ana emocionante despidiendo a quienes ya forman parte de la historia de nuestro cole.\u00a0<\/p>\n<p><b>Este fue el discurso de los chicos y chicas de sexto:<\/b><\/p>\n<p style=\"text-align: justify;\"><em><span style=\"font-weight: 400;\">Buenos d\u00edas a todos. Gracias por dedicarnos vuestro tiempo intentando que seamos mejores personas. Estamos encantados con el colegio de San Jorge y esperamos poder ayudar de mayores tanto como nos han ayudado a nosotras. Damos las gracias a todo el profesorado que nos ha ense\u00f1ado desde Infantil, tanto tutores como especialistas. Queremos deciros que siempre recordaremos la buena acogida que algunos tuvimos en quinto al venir de otro colegio. Quienes vinimos con tres a\u00f1itos recordamos con gran cari\u00f1o a Erika, Lorena, Itxaso, Amaia, Loli, Virginia e Isabel. Un recuerdo especial tambi\u00e9n para Conchi y su Club del Detective. De Laura recordamos su paciencia al ense\u00f1arnos a escribir. Nunca olvidaremos el criadero de gusanos de seda en segundo de Primaria. Con Jos\u00e9 Mari jug\u00e1bamos a pelota piedra&#8230; Sus excursiones domingueras&#8230; Recordaremos el olor de los corazones de vaca, sus arterias y v\u00e1lvulas. Las exposiciones orales\u2026 Nunca olvidaremos estos a\u00f1os\u2026 Siempre ser\u00e1n inolvidables.<\/span><\/em><\/p>\n<figure id=\"attachment_2314\" aria-describedby=\"caption-attachment-2314\" style=\"width: 1024px\" class=\"wp-caption aligncenter\"><img loading=\"lazy\" class=\"wp-image-2314\" src=\"https:\/\/cpsanjorge.educacion.navarra.es\/web\/wp-content\/uploads\/2021\/06\/20210622_103043-1024x768.jpg\" alt=\"\" width=\"1024\" height=\"768\" srcset=\"https:\/\/cpsanjorge.educacion.navarra.es\/web\/wp-content\/uploads\/2021\/06\/20210622_103043-1024x768.jpg 1024w, https:\/\/cpsanjorge.educacion.navarra.es\/web\/wp-content\/uploads\/2021\/06\/20210622_103043-300x225.jpg 300w, https:\/\/cpsanjorge.educacion.navarra.es\/web\/wp-content\/uploads\/2021\/06\/20210622_103043-768x576.jpg 768w, https:\/\/cpsanjorge.educacion.navarra.es\/web\/wp-content\/uploads\/2021\/06\/20210622_103043-1536x1152.jpg 1536w, https:\/\/cpsanjorge.educacion.navarra.es\/web\/wp-content\/uploads\/2021\/06\/20210622_103043-2048x1536.jpg 2048w\" sizes=\"(max-width: 767px) 89vw, (max-width: 1000px) 54vw, (max-width: 1071px) 543px, 580px\" \/><figcaption id=\"caption-attachment-2314\" class=\"wp-caption-text\">Algunos abrazos se dan en p\u00fablicos. Pero no son los \u00fanicos. Hay muchos m\u00e1s que se dan y que se piden en esta escuela nuestra, sin m\u00f3viles que los registren.<\/figcaption><\/figure>\n<p><br \/><b>Graduaci\u00f3n de sexto. Discurso de las tutoras:<\/b><\/p>\n<p><em><span style=\"font-weight: 400;\">Estimados\u00a0 alumnos y alumnas de 6\u00ba:<\/span><\/em><\/p>\n<p style=\"text-align: justify;\"><em><span style=\"font-weight: 400;\">Hoy ha llegado el d\u00eda del despegue, tanto para quienes comenzasteis vuestra educaci\u00f3n con tres a\u00f1itos como para quienes os hab\u00e9is ido incorporando a lo largo de los cursos. <\/span><\/em><em><span style=\"font-weight: 400;\">Son muchos los recuerdos que os llevar\u00e9is en vuestros corazones, peque\u00f1as an\u00e9cdotas que no olvidar\u00e9is nunca y nombrar\u00e9is en repetidas ocasiones\u2026 <\/span><span style=\"font-weight: 400;\">\u00bfTe acuerdas? \u00bfTe acuerdas?<\/span><span style=\"font-weight: 400;\">, dir\u00e9is.<\/span><\/em><\/p>\n<p style=\"text-align: justify;\"><em><span style=\"font-weight: 400;\">El tiempo ha pasado muy deprisa. Ya no sois aquellos chiquillos y chiquillas del segundo piso\u2026 En 5\u00ba y en 6\u00ba, a pesar de la dichosa pandemia, hab\u00e9is madurado much\u00edsimo tanto f\u00edsica como emocional y personalmente. El profesorado sentimos el gran orgullo de haber compartido este cambio y \u00a1estad seguros de que quedar\u00e1 tan grabado en nuestra memoria para siempre como las fotos de las orlas! <\/span><\/em><em><span style=\"font-weight: 400;\">Hemos intentado motivaros a cada uno de vosotros y vosotras lo mejor que hemos sabido, a veces rega\u00f1\u00e1ndoos demasiado, no decimos que no, y otras veces ense\u00f1\u00e1ndoos a pensar en grande, a que se\u00e1is grandes personas. No va a ser f\u00e1cil el instituto pero con tes\u00f3n y energ\u00eda saldr\u00e9is adelante, os lo aseguramos.<\/span><\/em><\/p>\n<p style=\"text-align: justify;\"><em><span style=\"font-weight: 400;\">Recordad que sin unos buenos h\u00e1bitos de estudio no se triunfa. Deb\u00e9is ser constantes desde el 1 de septiembre, estudiar todos los d\u00edas, tener una buena organizaci\u00f3n y, sobre todo, querer aprender a aprender. Cuanto m\u00e1s sep\u00e1is mejor os ir\u00e1 en vuestra vida. <\/span><\/em><em><span style=\"font-weight: 400;\">Para terminar queremos recordar a todos los profesores y profesoras, tutores y especialistas que os han acompa\u00f1ado en estos nueve cursos y han sido los transmisores tanto de conocimientos como de valores. Sin ellos, sin ellas, no ser\u00edais lo que sois ahora.<\/span><\/em><\/p>\n<p style=\"text-align: justify;\"><em><span style=\"font-weight: 400;\">Un recuerdo especial a nuestra gran compa\u00f1era Rosa Baquedano que nos dej\u00f3 para siempre en julio pasado. Descanse en paz. <\/span><\/em><em><span style=\"font-weight: 400;\">Un abrazo muy fuerte a los tres sextos. Hab\u00e9is sido una promoci\u00f3n muy intensa, ca\u00f1era pero fabulosa. Nos hab\u00e9is hecho sudar en m\u00e1s de una ocasi\u00f3n pero creo que ha merecido la pena. Estamos superorgullosos y superorgullosas de todo el grupo. <\/span><\/em><em><span style=\"font-weight: 400;\">Solo nos queda desearos lo mejor en Secundaria y a disfrutar del verano, que os lo hab\u00e9is ganado con creces.\u00a0<\/span><\/em><\/p>\n<p><em><span style=\"font-weight: 400;\">Vuestras tutoras: <\/span><\/em><em><span style=\"font-weight: 400;\">Ana, Azucena y Ester.<\/span><\/em><\/p>\n<figure id=\"attachment_2311\" aria-describedby=\"caption-attachment-2311\" style=\"width: 1024px\" class=\"wp-caption aligncenter\"><img loading=\"lazy\" class=\"wp-image-2311 size-large\" src=\"https:\/\/cpsanjorge.educacion.navarra.es\/web\/wp-content\/uploads\/2021\/06\/20210622_101645-1-1024x768.jpeg\" alt=\"\" width=\"1024\" height=\"768\" srcset=\"https:\/\/cpsanjorge.educacion.navarra.es\/web\/wp-content\/uploads\/2021\/06\/20210622_101645-1-1024x768.jpeg 1024w, https:\/\/cpsanjorge.educacion.navarra.es\/web\/wp-content\/uploads\/2021\/06\/20210622_101645-1-300x225.jpeg 300w, https:\/\/cpsanjorge.educacion.navarra.es\/web\/wp-content\/uploads\/2021\/06\/20210622_101645-1-768x576.jpeg 768w, https:\/\/cpsanjorge.educacion.navarra.es\/web\/wp-content\/uploads\/2021\/06\/20210622_101645-1-1536x1152.jpeg 1536w, https:\/\/cpsanjorge.educacion.navarra.es\/web\/wp-content\/uploads\/2021\/06\/20210622_101645-1-2048x1536.jpeg 2048w\" sizes=\"(max-width: 767px) 89vw, (max-width: 1000px) 54vw, (max-width: 1071px) 543px, 580px\" \/><figcaption id=\"caption-attachment-2311\" class=\"wp-caption-text\"><em>Excelente afluencia de p\u00fablico a la graduaci\u00f3n de sexto. La presencia y la cercan\u00eda de las familias anima como nada. \u00bfVerdad, chicas? \u00bfVerdad, chicos?<\/em><\/figcaption><\/figure>\n<p style=\"text-align: justify;\">En septiembre volveremos. Retomaremos las publicaciones de este blog escolar con la \u00fanica pretensi\u00f3n de poner im\u00e1genes y palabras a un n\u00famero ingente de experiencias que nos calientan el coraz\u00f3n cada d\u00eda.\u00a0 Hemos vivido un a\u00f1o que comenz\u00f3 con una gran incertidumbre. Hoy, habiendo dejado muchos meses a nuestras espaldas podemos decir que lo hemos hecho bien, muy bien, que nos hemos entregado, que hemos sabido transformar los problemas en oportunidades, que las mascarillas no han acallado nuestras voces&#8230;\u00a0 Por ello, como escuela, nos enorgullecemos de todas las personas que han aportado su profesionalidad, su sabidur\u00eda, su abnegaci\u00f3n y compromiso, su empat\u00eda, su confianza, su alegr\u00eda, su entrega, su valent\u00eda, su cari\u00f1o&#8230; para seguir construyendo un cole cada d\u00eda m\u00e1s sabio y mejor.\u00a0 \u00a0\u00a1A\u00fapa San Jorge!<\/p>\n<p style=\"text-align: center;\"><strong>\u00a1Pasad unas felic\u00edsimas vacaciones de verano!<\/strong><\/p>\n","protected":false},"excerpt":{"rendered":"<p>El martes 22, chicos y chicas del cole, comenzasteis una muy ganadas vacaciones de verano. El lunes 21, fue el alumnado de tercero de Infantil, el que casi cerraba el curso con su graduaci\u00f3n, la que les llevar\u00e1 el curso pr\u00f3ximo a comenzar la Primaria.\u00a0 Es cosa importante seguir creciendo, dar pasos para hacerse mayor. &hellip; <\/p>\n<p class=\"link-more\"><a href=\"https:\/\/cpsanjorge.educacion.navarra.es\/web\/blog\/2021\/07\/01\/felices-vacaciones-de-verano\/\" class=\"more-link\">Continuar leyendo<span class=\"screen-reader-text\"> \u00ab\u00a1\u00a1\u00a1Felices vacaciones de verano!!!\u00bb<\/span><\/a><\/p>\n","protected":false},"author":1,"featured_media":0,"comment_status":"open","ping_status":"open","sticky":false,"template":"","format":"standard","meta":[],"categories":[1],"tags":[],"_links":{"self":[{"href":"https:\/\/cpsanjorge.educacion.navarra.es\/web\/wp-json\/wp\/v2\/posts\/2306"}],"collection":[{"href":"https:\/\/cpsanjorge.educacion.navarra.es\/web\/wp-json\/wp\/v2\/posts"}],"about":[{"href":"https:\/\/cpsanjorge.educacion.navarra.es\/web\/wp-json\/wp\/v2\/types\/post"}],"author":[{"embeddable":true,"href":"https:\/\/cpsanjorge.educacion.navarra.es\/web\/wp-json\/wp\/v2\/users\/1"}],"replies":[{"embeddable":true,"href":"https:\/\/cpsanjorge.educacion.navarra.es\/web\/wp-json\/wp\/v2\/comments?post=2306"}],"version-history":[{"count":12,"href":"https:\/\/cpsanjorge.educacion.navarra.es\/web\/wp-json\/wp\/v2\/posts\/2306\/revisions"}],"predecessor-version":[{"id":2322,"href":"https:\/\/cpsanjorge.educacion.navarra.es\/web\/wp-json\/wp\/v2\/posts\/2306\/revisions\/2322"}],"wp:attachment":[{"href":"https:\/\/cpsanjorge.educacion.navarra.es\/web\/wp-json\/wp\/v2\/media?parent=2306"}],"wp:term":[{"taxonomy":"category","embeddable":true,"href":"https:\/\/cpsanjorge.educacion.navarra.es\/web\/wp-json\/wp\/v2\/categories?post=2306"},{"taxonomy":"post_tag","embeddable":true,"href":"https:\/\/cpsanjorge.educacion.navarra.es\/web\/wp-json\/wp\/v2\/tags?post=2306"}],"curies":[{"name":"wp","href":"https:\/\/api.w.org\/{rel}","templated":true}]}}