{"id":2125,"date":"2021-05-12T10:41:27","date_gmt":"2021-05-12T08:41:27","guid":{"rendered":"https:\/\/cpsanjorge.educacion.navarra.es\/web\/?p=2125"},"modified":"2021-05-16T21:26:56","modified_gmt":"2021-05-16T19:26:56","slug":"prematricula-del-17-al-21-de-mayo","status":"publish","type":"post","link":"https:\/\/cpsanjorge.educacion.navarra.es\/web\/blog\/2021\/05\/12\/prematricula-del-17-al-21-de-mayo\/","title":{"rendered":"PREMATR\u00cdCULA del 17 al 21 de mayo"},"content":{"rendered":"\n<p style=\"text-align: center;\"><span style=\"background-color: #ffff00;\"><strong>\u00a1Venid a la charla de este viernes 14 de mayo a las 16:00 h. en el cole! \u00a1Os esperamos!<\/strong><\/span><\/p>\n<p style=\"text-align: justify;\"><span style=\"font-weight: 400;\">\u00a1C\u00f3mo pasa el tiempo! A lo largo de este a\u00f1o vuestros hijos e hijas cumplen ya tres a\u00f1os, as\u00ed que en septiembre llega uno de los momentos m\u00e1s importantes de su vida: empezar el cole. Para acompa\u00f1aros en este momento tan especial nos encantar\u00eda invitaros a un <\/span><b>encuentro con el equipo directivo<\/b><span style=\"font-weight: 400;\"> de nuestro colegio el <\/span><b>pr\u00f3ximo viernes 14, a las 16:00 h.<\/b><span style=\"font-weight: 400;\"> Ser\u00e1 una oportunidad estupenda para hablar de dos cosas fundamentales: <\/span><span style=\"font-weight: 400;\">c\u00f3mo lograr los mayores aprendizajes y disfrutar de la mejor convivencia<\/span><span style=\"font-weight: 400;\">. Y, por supuesto, trataremos de\u00a0 transmitiros toda la confianza del mundo.<\/span><\/p>\n<p style=\"text-align: justify;\"><b><img loading=\"lazy\" class=\"alignleft wp-image-2129 size-medium\" src=\"https:\/\/cpsanjorge.educacion.navarra.es\/web\/wp-content\/uploads\/2021\/05\/Los-siete-principios_Puzle-min-300x225.jpg\" alt=\"\" width=\"300\" height=\"225\" srcset=\"https:\/\/cpsanjorge.educacion.navarra.es\/web\/wp-content\/uploads\/2021\/05\/Los-siete-principios_Puzle-min-300x225.jpg 300w, https:\/\/cpsanjorge.educacion.navarra.es\/web\/wp-content\/uploads\/2021\/05\/Los-siete-principios_Puzle-min-1024x768.jpg 1024w, https:\/\/cpsanjorge.educacion.navarra.es\/web\/wp-content\/uploads\/2021\/05\/Los-siete-principios_Puzle-min-768x576.jpg 768w, https:\/\/cpsanjorge.educacion.navarra.es\/web\/wp-content\/uploads\/2021\/05\/Los-siete-principios_Puzle-min-1536x1152.jpg 1536w, https:\/\/cpsanjorge.educacion.navarra.es\/web\/wp-content\/uploads\/2021\/05\/Los-siete-principios_Puzle-min-2048x1536.jpg 2048w\" sizes=\"(max-width: 300px) 100vw, 300px\" \/>Las \u00faltimas investigaciones cient\u00edficas nos ense\u00f1an que para aprender al m\u00e1ximo necesitamos a todas las personas<\/b><span style=\"font-weight: 400;\">, y que esto lo logramos mediante el <\/span><b>di\u00e1logo con ellas,<\/b><span style=\"font-weight: 400;\"> explicando qu\u00e9 nos gusta y qu\u00e9 nos disgusta, descubriendo cosas que a\u00fan no sabemos, aprendiendo a pedir ayuda, a prestarla, adentr\u00e1ndonos en mundos distintos, proponiendo soluciones a los problemas, aprendiendo a escuchar&#8230; En definitiva, el <\/span><b>aprendizaje dial\u00f3gico<\/b><span style=\"font-weight: 400;\"> nos ense\u00f1a a pensar con las dem\u00e1s personas y nos gu\u00eda hacia un mundo m\u00e1s culto, m\u00e1s justo y m\u00e1s bello.<\/span><\/p>\n<p style=\"text-align: center;\"><b><i>\u201cLa educaci\u00f3n es un acto de amor y, por tanto, un acto de valor\u201d. <\/i><\/b><b>(Paulo Freire)<\/b><\/p>\n<p style=\"text-align: justify;\"><span style=\"font-weight: 400;\">Os informamos de que el <strong><span style=\"color: #000000; background-color: #ffff00;\">PLAZO ORDINARIO DE INSCRIPCI\u00d3N<\/span><\/strong> para el curso 2021-2022 es <span style=\"text-decoration: underline;\"><span style=\"color: #000000; background-color: #ffff00; text-decoration: underline;\">del <\/span><\/span><\/span><span style=\"text-decoration: underline;\"><span style=\"color: #000000; background-color: #ffff00; text-decoration: underline;\"><b>lunes 17 al viernes 21 de mayo<\/b><span style=\"font-weight: 400;\">.<\/span><\/span><\/span><span style=\"color: #000000; background-color: #ffff00;\"><span style=\"font-weight: 400;\"><span style=\"background-color: #ffffff;\">\u00a0 Los documentos necesarios los encontrar\u00e9is haciendo clic <a href=\"https:\/\/drive.google.com\/file\/d\/1leoY1qRrBDuW2Kzv0UdusqFrbrkg957v\/view?usp=sharing\"><span style=\"text-decoration: underline;\"><span style=\"color: #993366; text-decoration: underline;\"><em>aqu\u00ed<\/em><\/span><\/span><\/a>. Pinchad en el <a href=\"https:\/\/drive.google.com\/file\/d\/1PI3nfPGdms8l_DjRODPoWnO4Q60bFGE8\/view?usp=sharing\"><span style=\"text-decoration: underline;\"><span style=\"color: #0000ff; text-decoration: underline;\">impreso de solicitud <\/span><\/span><\/a>para descargarlo.<\/span><\/span><\/span><\/p>\n<p style=\"text-align: justify;\"><b>Si dese\u00e1is m\u00e1s informaci\u00f3n<\/b><span style=\"font-weight: 400;\">, llamad al tel\u00e9fono <\/span><b><i>948 17 56 13<\/i><\/b><span style=\"font-weight: 400;\"> o escribidnos un correo electr\u00f3nico a <\/span><a href=\"mailto:cpsanjor@educacion.navarra.es\"><b><i>cpsanjor@educacion.navarra.es<\/i><\/b><\/a><span style=\"font-weight: 400;\">. Con sumo gusto os atenderemos y resolveremos todas las dudas que os puedan surgir.<\/span><\/p>\n<p>Os esperamos.\u00a0<\/p>\n<p>El claustro y el equipo directivo.<\/p>\n<p>\u00a0<\/p>\n","protected":false},"excerpt":{"rendered":"<p>\u00a1Venid a la charla de este viernes 14 de mayo a las 16:00 h. en el cole! \u00a1Os esperamos! \u00a1C\u00f3mo pasa el tiempo! A lo largo de este a\u00f1o vuestros hijos e hijas cumplen ya tres a\u00f1os, as\u00ed que en septiembre llega uno de los momentos m\u00e1s importantes de su vida: empezar el cole. Para &hellip; <\/p>\n<p class=\"link-more\"><a href=\"https:\/\/cpsanjorge.educacion.navarra.es\/web\/blog\/2021\/05\/12\/prematricula-del-17-al-21-de-mayo\/\" class=\"more-link\">Continuar leyendo<span class=\"screen-reader-text\"> \u00abPREMATR\u00cdCULA del 17 al 21 de mayo\u00bb<\/span><\/a><\/p>\n","protected":false},"author":1,"featured_media":0,"comment_status":"open","ping_status":"open","sticky":false,"template":"","format":"standard","meta":[],"categories":[1],"tags":[],"_links":{"self":[{"href":"https:\/\/cpsanjorge.educacion.navarra.es\/web\/wp-json\/wp\/v2\/posts\/2125"}],"collection":[{"href":"https:\/\/cpsanjorge.educacion.navarra.es\/web\/wp-json\/wp\/v2\/posts"}],"about":[{"href":"https:\/\/cpsanjorge.educacion.navarra.es\/web\/wp-json\/wp\/v2\/types\/post"}],"author":[{"embeddable":true,"href":"https:\/\/cpsanjorge.educacion.navarra.es\/web\/wp-json\/wp\/v2\/users\/1"}],"replies":[{"embeddable":true,"href":"https:\/\/cpsanjorge.educacion.navarra.es\/web\/wp-json\/wp\/v2\/comments?post=2125"}],"version-history":[{"count":11,"href":"https:\/\/cpsanjorge.educacion.navarra.es\/web\/wp-json\/wp\/v2\/posts\/2125\/revisions"}],"predecessor-version":[{"id":2169,"href":"https:\/\/cpsanjorge.educacion.navarra.es\/web\/wp-json\/wp\/v2\/posts\/2125\/revisions\/2169"}],"wp:attachment":[{"href":"https:\/\/cpsanjorge.educacion.navarra.es\/web\/wp-json\/wp\/v2\/media?parent=2125"}],"wp:term":[{"taxonomy":"category","embeddable":true,"href":"https:\/\/cpsanjorge.educacion.navarra.es\/web\/wp-json\/wp\/v2\/categories?post=2125"},{"taxonomy":"post_tag","embeddable":true,"href":"https:\/\/cpsanjorge.educacion.navarra.es\/web\/wp-json\/wp\/v2\/tags?post=2125"}],"curies":[{"name":"wp","href":"https:\/\/api.w.org\/{rel}","templated":true}]}}