{"id":2013,"date":"2021-02-22T22:52:02","date_gmt":"2021-02-22T21:52:02","guid":{"rendered":"https:\/\/cpsanjorge.educacion.navarra.es\/web\/?p=2013"},"modified":"2021-02-22T22:52:04","modified_gmt":"2021-02-22T21:52:04","slug":"un-carnaval-distinto-el-de-este-2021","status":"publish","type":"post","link":"https:\/\/cpsanjorge.educacion.navarra.es\/web\/blog\/2021\/02\/22\/un-carnaval-distinto-el-de-este-2021\/","title":{"rendered":"Un carnaval distinto el de este 2021"},"content":{"rendered":"\n<p style=\"text-align: justify;\">Este lunes 22 volvemos al cole despu\u00e9s de unos d\u00edas de descanso que nos han venido muy, muy bien. Lo hacemos con las ganas de siempre y echando la vista unos d\u00edas atr\u00e1s porque el viernes 12 celebr\u00e1bamos el carnaval de este a\u00f1o aunque de una forma un poco distinta. Como en otros festejos y d\u00edas se\u00f1alados, hemos tenido que adaptarnos a las medidas anti <em>covid-19.<\/em> Fue una fiesta distinta. Organizamos un <span style=\"color: #000000; background-color: #ffffff;\">Photocall<\/span> en el que particip\u00f3 todo el <span style=\"background-color: #ffffff; color: #000000;\">alumnado de Infantil, como se puede ver <a href=\"https:\/\/photos.app.goo.gl\/oTXfbho7fZYyzH1u5\"><span style=\"text-decoration: underline;\"><span style=\"color: #ff0000; text-decoration: underline;\">aqu\u00ed<\/span><\/span><\/a><\/span>.<\/p>\n<figure id=\"attachment_2020\" aria-describedby=\"caption-attachment-2020\" style=\"width: 1024px\" class=\"wp-caption alignnone\"><img loading=\"lazy\" class=\"size-large wp-image-2020\" src=\"https:\/\/cpsanjorge.educacion.navarra.es\/web\/wp-content\/uploads\/2021\/02\/IMG-1089-1-1024x768.jpg\" alt=\"\" width=\"1024\" height=\"768\" srcset=\"https:\/\/cpsanjorge.educacion.navarra.es\/web\/wp-content\/uploads\/2021\/02\/IMG-1089-1-1024x768.jpg 1024w, https:\/\/cpsanjorge.educacion.navarra.es\/web\/wp-content\/uploads\/2021\/02\/IMG-1089-1-300x225.jpg 300w, https:\/\/cpsanjorge.educacion.navarra.es\/web\/wp-content\/uploads\/2021\/02\/IMG-1089-1-768x576.jpg 768w, https:\/\/cpsanjorge.educacion.navarra.es\/web\/wp-content\/uploads\/2021\/02\/IMG-1089-1-1536x1152.jpg 1536w, https:\/\/cpsanjorge.educacion.navarra.es\/web\/wp-content\/uploads\/2021\/02\/IMG-1089-1-2048x1536.jpg 2048w\" sizes=\"(max-width: 767px) 89vw, (max-width: 1000px) 54vw, (max-width: 1071px) 543px, 580px\" \/><figcaption id=\"caption-attachment-2020\" class=\"wp-caption-text\"><em>\u00a1Qu\u00e9 de colorido! \u00a1Qu\u00e9 desenfado!<\/em><\/figcaption><\/figure>\n<p style=\"text-align: justify;\">Los chicos y chicas de Primaria no les fueron a la zaga, como se puede ver en este <em><strong><a href=\"https:\/\/photos.app.goo.gl\/nTJiE959Pus8TbyN7\">enlace<\/a>.<\/strong><\/em><\/p>\n<figure id=\"attachment_2021\" aria-describedby=\"caption-attachment-2021\" style=\"width: 1024px\" class=\"wp-caption aligncenter\"><img loading=\"lazy\" class=\"size-large wp-image-2021\" src=\"https:\/\/cpsanjorge.educacion.navarra.es\/web\/wp-content\/uploads\/2021\/02\/20210212_113652-1-1024x768.jpg\" alt=\"\" width=\"1024\" height=\"768\" srcset=\"https:\/\/cpsanjorge.educacion.navarra.es\/web\/wp-content\/uploads\/2021\/02\/20210212_113652-1-1024x768.jpg 1024w, https:\/\/cpsanjorge.educacion.navarra.es\/web\/wp-content\/uploads\/2021\/02\/20210212_113652-1-300x225.jpg 300w, https:\/\/cpsanjorge.educacion.navarra.es\/web\/wp-content\/uploads\/2021\/02\/20210212_113652-1-768x576.jpg 768w, https:\/\/cpsanjorge.educacion.navarra.es\/web\/wp-content\/uploads\/2021\/02\/20210212_113652-1-1536x1152.jpg 1536w, https:\/\/cpsanjorge.educacion.navarra.es\/web\/wp-content\/uploads\/2021\/02\/20210212_113652-1-2048x1536.jpg 2048w\" sizes=\"(max-width: 767px) 89vw, (max-width: 1000px) 54vw, (max-width: 1071px) 543px, 580px\" \/><figcaption id=\"caption-attachment-2021\" class=\"wp-caption-text\"><em>\u00a1Viva el Carnaval!<\/em><\/figcaption><\/figure>\n<p style=\"text-align: justify;\">Todas las fotos son de ese viernes. El lunes de esa misma semana quedamos en que vendr\u00edamos a clase con dos zapatos diferentes; el martes, con algo para la cabeza que llamara la atenci\u00f3n; el mi\u00e9rcoles con algo al cuello. El jueves nos atrevimos con una prenda de vestir que no fuera nuestra, es decir, los chicos y chicas trajeron algo propio de adultos y estos, con algo propio de aquellos. \u00bfQu\u00e9 pas\u00f3 el viernes? Que nos pusimos todo lo que nos hab\u00edamos ido poniendo cada d\u00eda. Confiamos en que el pr\u00f3ximo curso haya oportunidad para celebrarlo todo sin restricciones. Seguro que s\u00ed.<\/p>\n","protected":false},"excerpt":{"rendered":"<p>Este lunes 22 volvemos al cole despu\u00e9s de unos d\u00edas de descanso que nos han venido muy, muy bien. Lo hacemos con las ganas de siempre y echando la vista unos d\u00edas atr\u00e1s porque el viernes 12 celebr\u00e1bamos el carnaval de este a\u00f1o aunque de una forma un poco distinta. Como en otros festejos y &hellip; <\/p>\n<p class=\"link-more\"><a href=\"https:\/\/cpsanjorge.educacion.navarra.es\/web\/blog\/2021\/02\/22\/un-carnaval-distinto-el-de-este-2021\/\" class=\"more-link\">Continuar leyendo<span class=\"screen-reader-text\"> \u00abUn carnaval distinto el de este 2021\u00bb<\/span><\/a><\/p>\n","protected":false},"author":1,"featured_media":0,"comment_status":"open","ping_status":"open","sticky":false,"template":"","format":"standard","meta":[],"categories":[1],"tags":[],"_links":{"self":[{"href":"https:\/\/cpsanjorge.educacion.navarra.es\/web\/wp-json\/wp\/v2\/posts\/2013"}],"collection":[{"href":"https:\/\/cpsanjorge.educacion.navarra.es\/web\/wp-json\/wp\/v2\/posts"}],"about":[{"href":"https:\/\/cpsanjorge.educacion.navarra.es\/web\/wp-json\/wp\/v2\/types\/post"}],"author":[{"embeddable":true,"href":"https:\/\/cpsanjorge.educacion.navarra.es\/web\/wp-json\/wp\/v2\/users\/1"}],"replies":[{"embeddable":true,"href":"https:\/\/cpsanjorge.educacion.navarra.es\/web\/wp-json\/wp\/v2\/comments?post=2013"}],"version-history":[{"count":6,"href":"https:\/\/cpsanjorge.educacion.navarra.es\/web\/wp-json\/wp\/v2\/posts\/2013\/revisions"}],"predecessor-version":[{"id":2022,"href":"https:\/\/cpsanjorge.educacion.navarra.es\/web\/wp-json\/wp\/v2\/posts\/2013\/revisions\/2022"}],"wp:attachment":[{"href":"https:\/\/cpsanjorge.educacion.navarra.es\/web\/wp-json\/wp\/v2\/media?parent=2013"}],"wp:term":[{"taxonomy":"category","embeddable":true,"href":"https:\/\/cpsanjorge.educacion.navarra.es\/web\/wp-json\/wp\/v2\/categories?post=2013"},{"taxonomy":"post_tag","embeddable":true,"href":"https:\/\/cpsanjorge.educacion.navarra.es\/web\/wp-json\/wp\/v2\/tags?post=2013"}],"curies":[{"name":"wp","href":"https:\/\/api.w.org\/{rel}","templated":true}]}}