{"id":1754,"date":"2020-06-30T09:13:20","date_gmt":"2020-06-30T07:13:20","guid":{"rendered":"https:\/\/cpsanjorge.educacion.navarra.es\/web\/?p=1754"},"modified":"2020-06-30T09:15:22","modified_gmt":"2020-06-30T07:15:22","slug":"feliz-verano-2","status":"publish","type":"post","link":"https:\/\/cpsanjorge.educacion.navarra.es\/web\/blog\/2020\/06\/30\/feliz-verano-2\/","title":{"rendered":"Feliz verano!!!"},"content":{"rendered":"\n<p>Pues ahora s\u00ed, ha llegado al momento de cerrar una etapa en el colegio y de abrir las puertas a un nuevo proyecto. El Equipo Directivo termina una etapa de 3 cursos de trabajo para y por el CPEIP San Jorge, NUESTRO COLEGIO y pasamos el testigo a un nuevo equipo.<\/p>\n<p>Ya ten\u00e9is actualizadas, en la p\u00e1gina web, muchas informaciones para el pr\u00f3ximo curso 2020\/2021 que esperemos que empiece con la mayor normalidad posible, ten\u00e9is el calendario, los materiales necesarios para comenzar en cada curso, la informaci\u00f3n del comedor&#8230;<\/p>\n<p style=\"text-align: left;\">Para nosotros (Fina, Alsira y C\u00e9sar) ha sido un trabajo duro, pero reconfortante poner nuestro granito de arena para seguir mejorando el colegio y sobre todo la calidad en la educaci\u00f3n de nuestros alumnos y alumnas.<\/p>\n<h3 style=\"text-align: center;\"><em><strong><span style=\"color: #800000;\">\u00a1\u00a1\u00a1FELIZ VERANO Y HASTA PRONTO!!!<\/span><\/strong><\/em><\/h3>\n","protected":false},"excerpt":{"rendered":"<p>Pues ahora s\u00ed, ha llegado al momento de cerrar una etapa en el colegio y de abrir las puertas a un nuevo proyecto. El Equipo Directivo termina una etapa de 3 cursos de trabajo para y por el CPEIP San Jorge, NUESTRO COLEGIO y pasamos el testigo a un nuevo equipo. Ya ten\u00e9is actualizadas, en &hellip; <\/p>\n<p class=\"link-more\"><a href=\"https:\/\/cpsanjorge.educacion.navarra.es\/web\/blog\/2020\/06\/30\/feliz-verano-2\/\" class=\"more-link\">Continuar leyendo<span class=\"screen-reader-text\"> \u00abFeliz verano!!!\u00bb<\/span><\/a><\/p>\n","protected":false},"author":1,"featured_media":0,"comment_status":"open","ping_status":"open","sticky":false,"template":"","format":"standard","meta":[],"categories":[1],"tags":[],"_links":{"self":[{"href":"https:\/\/cpsanjorge.educacion.navarra.es\/web\/wp-json\/wp\/v2\/posts\/1754"}],"collection":[{"href":"https:\/\/cpsanjorge.educacion.navarra.es\/web\/wp-json\/wp\/v2\/posts"}],"about":[{"href":"https:\/\/cpsanjorge.educacion.navarra.es\/web\/wp-json\/wp\/v2\/types\/post"}],"author":[{"embeddable":true,"href":"https:\/\/cpsanjorge.educacion.navarra.es\/web\/wp-json\/wp\/v2\/users\/1"}],"replies":[{"embeddable":true,"href":"https:\/\/cpsanjorge.educacion.navarra.es\/web\/wp-json\/wp\/v2\/comments?post=1754"}],"version-history":[{"count":2,"href":"https:\/\/cpsanjorge.educacion.navarra.es\/web\/wp-json\/wp\/v2\/posts\/1754\/revisions"}],"predecessor-version":[{"id":1756,"href":"https:\/\/cpsanjorge.educacion.navarra.es\/web\/wp-json\/wp\/v2\/posts\/1754\/revisions\/1756"}],"wp:attachment":[{"href":"https:\/\/cpsanjorge.educacion.navarra.es\/web\/wp-json\/wp\/v2\/media?parent=1754"}],"wp:term":[{"taxonomy":"category","embeddable":true,"href":"https:\/\/cpsanjorge.educacion.navarra.es\/web\/wp-json\/wp\/v2\/categories?post=1754"},{"taxonomy":"post_tag","embeddable":true,"href":"https:\/\/cpsanjorge.educacion.navarra.es\/web\/wp-json\/wp\/v2\/tags?post=1754"}],"curies":[{"name":"wp","href":"https:\/\/api.w.org\/{rel}","templated":true}]}}