{"id":1616,"date":"2020-02-05T12:17:25","date_gmt":"2020-02-05T11:17:25","guid":{"rendered":"http:\/\/cpsanjorge.educacion.navarra.es\/web\/?p=1616"},"modified":"2020-02-05T12:17:49","modified_gmt":"2020-02-05T11:17:49","slug":"coros-de-santa-agueda-2020","status":"publish","type":"post","link":"https:\/\/cpsanjorge.educacion.navarra.es\/web\/blog\/2020\/02\/05\/coros-de-santa-agueda-2020\/","title":{"rendered":"Coros de Santa \u00c1gueda &#8211; 2020"},"content":{"rendered":"\n<p>Durante la ma\u00f1ana de ayer, martes 4 de febrero, el alumnado de 6\u00ba Curso de Educaci\u00f3n Primaria de Modelo A (Euskera) cant\u00f3 para el alumnado de la Escuela Infantil de San Jorge y para el resto de compa\u00f1eros y compa\u00f1eras del propio colegio varias canciones en euskera para celebrar Santa \u00c1gueda como ya es tradici\u00f3n en el centro. Fueron acompa\u00f1ados por la profesora de euskera y de m\u00fasica con el acorde\u00f3n.<\/p>\n\n\n\n<figure class=\"wp-block-image size-large\"><img loading=\"lazy\" width=\"1024\" height=\"258\" src=\"http:\/\/cpsanjorge.educacion.navarra.es\/web\/wp-content\/uploads\/2020\/02\/IMG_20200204_125830-Copy-1024x258.gif\" alt=\"\" class=\"wp-image-1617\" srcset=\"https:\/\/cpsanjorge.educacion.navarra.es\/web\/wp-content\/uploads\/2020\/02\/IMG_20200204_125830-Copy-1024x258.gif 1024w, https:\/\/cpsanjorge.educacion.navarra.es\/web\/wp-content\/uploads\/2020\/02\/IMG_20200204_125830-Copy-300x76.gif 300w, https:\/\/cpsanjorge.educacion.navarra.es\/web\/wp-content\/uploads\/2020\/02\/IMG_20200204_125830-Copy-768x193.gif 768w, https:\/\/cpsanjorge.educacion.navarra.es\/web\/wp-content\/uploads\/2020\/02\/IMG_20200204_125830-Copy-1536x387.gif 1536w\" sizes=\"(max-width: 767px) 89vw, (max-width: 1000px) 54vw, (max-width: 1071px) 543px, 580px\" \/><\/figure>\n\n\n\n<p>Pod\u00e9is encontrar im\u00e1genes y v\u00eddeos en el siguiente enlace:<\/p>\n\n\n\n<div class=\"wp-block-button aligncenter\"><a class=\"wp-block-button__link has-background\" href=\"https:\/\/photos.app.goo.gl\/16Lht4iXiHGp6SDZ7\" style=\"background-color:#200a8d\">          <em style=\"font-weight: bold;\">SANTA \u00c1GUEDA &#8211; 2020<\/em>          <\/a><\/div>\n","protected":false},"excerpt":{"rendered":"<p>Durante la ma\u00f1ana de ayer, martes 4 de febrero, el alumnado de 6\u00ba Curso de Educaci\u00f3n Primaria de Modelo A (Euskera) cant\u00f3 para el alumnado de la Escuela Infantil de San Jorge y para el resto de compa\u00f1eros y compa\u00f1eras del propio colegio varias canciones en euskera para celebrar Santa \u00c1gueda como ya es tradici\u00f3n &hellip; <\/p>\n<p class=\"link-more\"><a href=\"https:\/\/cpsanjorge.educacion.navarra.es\/web\/blog\/2020\/02\/05\/coros-de-santa-agueda-2020\/\" class=\"more-link\">Continuar leyendo<span class=\"screen-reader-text\"> \u00abCoros de Santa \u00c1gueda &#8211; 2020\u00bb<\/span><\/a><\/p>\n","protected":false},"author":1,"featured_media":1617,"comment_status":"open","ping_status":"open","sticky":false,"template":"","format":"standard","meta":[],"categories":[1],"tags":[],"_links":{"self":[{"href":"https:\/\/cpsanjorge.educacion.navarra.es\/web\/wp-json\/wp\/v2\/posts\/1616"}],"collection":[{"href":"https:\/\/cpsanjorge.educacion.navarra.es\/web\/wp-json\/wp\/v2\/posts"}],"about":[{"href":"https:\/\/cpsanjorge.educacion.navarra.es\/web\/wp-json\/wp\/v2\/types\/post"}],"author":[{"embeddable":true,"href":"https:\/\/cpsanjorge.educacion.navarra.es\/web\/wp-json\/wp\/v2\/users\/1"}],"replies":[{"embeddable":true,"href":"https:\/\/cpsanjorge.educacion.navarra.es\/web\/wp-json\/wp\/v2\/comments?post=1616"}],"version-history":[{"count":2,"href":"https:\/\/cpsanjorge.educacion.navarra.es\/web\/wp-json\/wp\/v2\/posts\/1616\/revisions"}],"predecessor-version":[{"id":1619,"href":"https:\/\/cpsanjorge.educacion.navarra.es\/web\/wp-json\/wp\/v2\/posts\/1616\/revisions\/1619"}],"wp:featuredmedia":[{"embeddable":true,"href":"https:\/\/cpsanjorge.educacion.navarra.es\/web\/wp-json\/wp\/v2\/media\/1617"}],"wp:attachment":[{"href":"https:\/\/cpsanjorge.educacion.navarra.es\/web\/wp-json\/wp\/v2\/media?parent=1616"}],"wp:term":[{"taxonomy":"category","embeddable":true,"href":"https:\/\/cpsanjorge.educacion.navarra.es\/web\/wp-json\/wp\/v2\/categories?post=1616"},{"taxonomy":"post_tag","embeddable":true,"href":"https:\/\/cpsanjorge.educacion.navarra.es\/web\/wp-json\/wp\/v2\/tags?post=1616"}],"curies":[{"name":"wp","href":"https:\/\/api.w.org\/{rel}","templated":true}]}}