{"id":1482,"date":"2019-06-28T11:58:28","date_gmt":"2019-06-28T09:58:28","guid":{"rendered":"http:\/\/cpsanjorge.educacion.navarra.es\/web\/?p=1482"},"modified":"2019-06-28T12:01:40","modified_gmt":"2019-06-28T10:01:40","slug":"feliz-verano","status":"publish","type":"post","link":"https:\/\/cpsanjorge.educacion.navarra.es\/web\/blog\/2019\/06\/28\/feliz-verano\/","title":{"rendered":"Feliz verano!!!"},"content":{"rendered":"\n<p>Ha llegado el momento de despedir el curso 2018\/2019 y descansar el veranito para comenzar en septiembre con aires renovados y con las energ\u00edas a tope para seguir mejorando el colegio y venir con muchas ganas de aprender.<\/p>\n\n\n\n<p>Ya ten\u00e9is actualizada en la p\u00e1gina web la informaci\u00f3n de inter\u00e9s para el curso que viene, el calendario escolar, los materiales necesarios para los diferentes cursos, la informaci\u00f3n provisional del comedor escolar&#8230;<\/p>\n\n\n\n<p>Os informamos que <strong>el curso 2019\/2020 dar\u00e1 inicio el viernes 6 de septiembre<\/strong>, a excepci\u00f3n del alumnado de <strong>1\u00ba de Educaci\u00f3n Infantil que lo har\u00e1 el lunes 9 de septiembre de 2019<\/strong>. <\/p>\n\n\n\n<p>Para las familias que empez\u00e1is en el colegio en 1\u00ba de Educaci\u00f3n Infantil, ya os hemos mandado por correo la informaci\u00f3n previa y la convocatoria a la reuni\u00f3n que tendr\u00e1 lugar <strong>el mi\u00e9rcoles 4 de septiembre a las 12:00 horas<\/strong> para explicaros el funcionamiento del centro y que pod\u00e1is conocer a las maestras que estar\u00e1n con vuestros hijos e hijas durante el curso.<\/p>\n\n\n\n<h1 style=\"text-align:center\">                  <span style=\"color:#cf2e2e\" class=\"tadv-color\"><strong><em>\u00a1\u00a1\u00a1FELIZ VERANO!!!<\/em><\/strong><\/span><\/h1>\n","protected":false},"excerpt":{"rendered":"<p>Ha llegado el momento de despedir el curso 2018\/2019 y descansar el veranito para comenzar en septiembre con aires renovados y con las energ\u00edas a tope para seguir mejorando el colegio y venir con muchas ganas de aprender. Ya ten\u00e9is actualizada en la p\u00e1gina web la informaci\u00f3n de inter\u00e9s para el curso que viene, el &hellip; <\/p>\n<p class=\"link-more\"><a href=\"https:\/\/cpsanjorge.educacion.navarra.es\/web\/blog\/2019\/06\/28\/feliz-verano\/\" class=\"more-link\">Continuar leyendo<span class=\"screen-reader-text\"> \u00abFeliz verano!!!\u00bb<\/span><\/a><\/p>\n","protected":false},"author":1,"featured_media":0,"comment_status":"open","ping_status":"open","sticky":false,"template":"","format":"standard","meta":[],"categories":[1],"tags":[],"_links":{"self":[{"href":"https:\/\/cpsanjorge.educacion.navarra.es\/web\/wp-json\/wp\/v2\/posts\/1482"}],"collection":[{"href":"https:\/\/cpsanjorge.educacion.navarra.es\/web\/wp-json\/wp\/v2\/posts"}],"about":[{"href":"https:\/\/cpsanjorge.educacion.navarra.es\/web\/wp-json\/wp\/v2\/types\/post"}],"author":[{"embeddable":true,"href":"https:\/\/cpsanjorge.educacion.navarra.es\/web\/wp-json\/wp\/v2\/users\/1"}],"replies":[{"embeddable":true,"href":"https:\/\/cpsanjorge.educacion.navarra.es\/web\/wp-json\/wp\/v2\/comments?post=1482"}],"version-history":[{"count":4,"href":"https:\/\/cpsanjorge.educacion.navarra.es\/web\/wp-json\/wp\/v2\/posts\/1482\/revisions"}],"predecessor-version":[{"id":1486,"href":"https:\/\/cpsanjorge.educacion.navarra.es\/web\/wp-json\/wp\/v2\/posts\/1482\/revisions\/1486"}],"wp:attachment":[{"href":"https:\/\/cpsanjorge.educacion.navarra.es\/web\/wp-json\/wp\/v2\/media?parent=1482"}],"wp:term":[{"taxonomy":"category","embeddable":true,"href":"https:\/\/cpsanjorge.educacion.navarra.es\/web\/wp-json\/wp\/v2\/categories?post=1482"},{"taxonomy":"post_tag","embeddable":true,"href":"https:\/\/cpsanjorge.educacion.navarra.es\/web\/wp-json\/wp\/v2\/tags?post=1482"}],"curies":[{"name":"wp","href":"https:\/\/api.w.org\/{rel}","templated":true}]}}